{"id":171,"date":"2015-10-05T18:24:38","date_gmt":"2015-10-05T16:24:38","guid":{"rendered":"https:\/\/www.podereleripi.com\/2015-un-anno-da-ricordare\/"},"modified":"2021-08-05T10:11:54","modified_gmt":"2021-08-05T08:11:54","slug":"2015-un-anno-da-ricordare","status":"publish","type":"post","link":"https:\/\/www.podereleripi.com\/it\/2015-un-anno-da-ricordare\/","title":{"rendered":"Il 2015 \u00e8 stata l\u2019annata perfetta: tempo bello, con caldo a giugno e con pioggia quando ce n\u2019era bisogno."},"content":{"rendered":"\n<figure class=\"wp-block-image size-full is-resized\"><img decoding=\"async\" src=\"https:\/\/www.podereleripi.com\/wp-content\/uploads\/2015-a-year-to-remember.jpeg\" alt=\"2015, un anno da ricordare per i nostri vini\" class=\"wp-image-168\" width=\"1000\" height=\"NaN\" srcset=\"https:\/\/www.podereleripi.com\/wp-content\/uploads\/2015-a-year-to-remember.jpeg 610w, https:\/\/www.podereleripi.com\/wp-content\/uploads\/2015-a-year-to-remember-280x211.jpeg 280w, https:\/\/www.podereleripi.com\/wp-content\/uploads\/2015-a-year-to-remember-600x452.jpeg 600w, https:\/\/www.podereleripi.com\/wp-content\/uploads\/2015-a-year-to-remember-300x226.jpeg 300w\" sizes=\"(max-width: 610px) 100vw, 610px\" \/><\/figure>\n\n<p>Giornate calde e notti fredde: l&#8217;escursione termica perfetta per la formazione degli aromi. Stress idrico scarso o nullo, solo a giugno e luglio, dopo che ha piovuto al momento giusto. Le uve sono state raccolte tra la fine di agosto e l&#8217;8 ottobre e hanno un sapore fantastico. Credo che quest&#8217;anno passer\u00e0 alla storia. E la ciliegina sulla torta \u00e8 stata inaugurare la nuova Cantina d&#8217;Oro con uve cos\u00ec meravigliose: segno di buon auspicio.<\/p>\n","protected":false},"excerpt":{"rendered":"Escursione termica perfetta, con un Giugno caldo ma ha sempre piovuto al momento giusto","protected":false},"author":1,"featured_media":168,"comment_status":"closed","ping_status":"closed","sticky":false,"template":"","format":"standard","meta":{"_acf_changed":false,"inline_featured_image":false,"footnotes":""},"categories":[5],"tags":[],"class_list":["post-171","post","type-post","status-publish","format-standard","has-post-thumbnail","hentry","category-vini-montalcino"],"yoast_head":"<!-- This site is optimized with the Yoast SEO plugin v27.5 - https:\/\/yoast.com\/product\/yoast-seo-wordpress\/ -->\n<title>Il 2015 \u00e8 stata l\u2019annata perfetta: tempo bello, con caldo a giugno e con pioggia quando ce n\u2019era bisogno. - Podere Le Ripi<\/title>\n<meta name=\"description\" content=\"Escursione termica perfetta, con un Giugno caldo ma ha sempre piovuto al momento giusto\" \/>\n<meta name=\"robots\" content=\"index, follow, max-snippet:-1, max-image-preview:large, max-video-preview:-1\" \/>\n<link rel=\"canonical\" href=\"https:\/\/www.podereleripi.com\/it\/2015-un-anno-da-ricordare\/\" \/>\n<meta property=\"og:locale\" content=\"it_IT\" \/>\n<meta property=\"og:type\" content=\"article\" \/>\n<meta property=\"og:title\" content=\"Il 2015 \u00e8 stata l\u2019annata perfetta: tempo bello, con caldo a giugno e con pioggia quando ce n\u2019era bisogno. - Podere Le Ripi\" \/>\n<meta property=\"og:description\" content=\"Escursione termica perfetta, con un Giugno caldo ma ha sempre piovuto al momento giusto\" \/>\n<meta property=\"og:url\" content=\"https:\/\/www.podereleripi.com\/it\/2015-un-anno-da-ricordare\/\" \/>\n<meta property=\"og:site_name\" content=\"Podere Le Ripi\" \/>\n<meta property=\"article:publisher\" content=\"https:\/\/www.facebook.com\/PodereLeRipi\/\" \/>\n<meta property=\"article:published_time\" content=\"2015-10-05T16:24:38+00:00\" \/>\n<meta property=\"article:modified_time\" content=\"2021-08-05T08:11:54+00:00\" \/>\n<meta property=\"og:image\" content=\"https:\/\/www.podereleripi.com\/wp-content\/uploads\/2015-a-year-to-remember.jpeg\" \/>\n\t<meta property=\"og:image:width\" content=\"610\" \/>\n\t<meta property=\"og:image:height\" content=\"460\" \/>\n\t<meta property=\"og:image:type\" content=\"image\/jpeg\" \/>\n<meta name=\"author\" content=\"admin\" \/>\n<meta name=\"twitter:card\" content=\"summary_large_image\" \/>\n<meta name=\"twitter:creator\" content=\"@podereleripi\" \/>\n<meta name=\"twitter:site\" content=\"@podereleripi\" \/>\n<script type=\"application\/ld+json\" class=\"yoast-schema-graph\">{\"@context\":\"https:\\\/\\\/schema.org\",\"@graph\":[{\"@type\":\"Article\",\"@id\":\"https:\\\/\\\/www.podereleripi.com\\\/it\\\/2015-un-anno-da-ricordare\\\/#article\",\"isPartOf\":{\"@id\":\"https:\\\/\\\/www.podereleripi.com\\\/it\\\/2015-un-anno-da-ricordare\\\/\"},\"author\":{\"name\":\"admin\",\"@id\":\"https:\\\/\\\/www.podereleripi.com\\\/it\\\/#\\\/schema\\\/person\\\/b7e8d2fafa6403da244faca78e4f4a1f\"},\"headline\":\"Il 2015 \u00e8 stata l\u2019annata perfetta: tempo bello, con caldo a giugno e con pioggia quando ce n\u2019era bisogno.\",\"datePublished\":\"2015-10-05T16:24:38+00:00\",\"dateModified\":\"2021-08-05T08:11:54+00:00\",\"mainEntityOfPage\":{\"@id\":\"https:\\\/\\\/www.podereleripi.com\\\/it\\\/2015-un-anno-da-ricordare\\\/\"},\"wordCount\":95,\"publisher\":{\"@id\":\"https:\\\/\\\/www.podereleripi.com\\\/it\\\/#organization\"},\"image\":{\"@id\":\"https:\\\/\\\/www.podereleripi.com\\\/it\\\/2015-un-anno-da-ricordare\\\/#primaryimage\"},\"thumbnailUrl\":\"https:\\\/\\\/www.podereleripi.com\\\/wp-content\\\/uploads\\\/2015-a-year-to-remember.jpeg\",\"articleSection\":[\"Vini di Montalcino\"],\"inLanguage\":\"it-IT\"},{\"@type\":\"WebPage\",\"@id\":\"https:\\\/\\\/www.podereleripi.com\\\/it\\\/2015-un-anno-da-ricordare\\\/\",\"url\":\"https:\\\/\\\/www.podereleripi.com\\\/it\\\/2015-un-anno-da-ricordare\\\/\",\"name\":\"Il 2015 \u00e8 stata l\u2019annata perfetta: tempo bello, con caldo a giugno e con pioggia quando ce n\u2019era bisogno. - Podere Le Ripi\",\"isPartOf\":{\"@id\":\"https:\\\/\\\/www.podereleripi.com\\\/it\\\/#website\"},\"primaryImageOfPage\":{\"@id\":\"https:\\\/\\\/www.podereleripi.com\\\/it\\\/2015-un-anno-da-ricordare\\\/#primaryimage\"},\"image\":{\"@id\":\"https:\\\/\\\/www.podereleripi.com\\\/it\\\/2015-un-anno-da-ricordare\\\/#primaryimage\"},\"thumbnailUrl\":\"https:\\\/\\\/www.podereleripi.com\\\/wp-content\\\/uploads\\\/2015-a-year-to-remember.jpeg\",\"datePublished\":\"2015-10-05T16:24:38+00:00\",\"dateModified\":\"2021-08-05T08:11:54+00:00\",\"description\":\"Escursione termica perfetta, con un Giugno caldo ma ha sempre piovuto al momento giusto\",\"breadcrumb\":{\"@id\":\"https:\\\/\\\/www.podereleripi.com\\\/it\\\/2015-un-anno-da-ricordare\\\/#breadcrumb\"},\"inLanguage\":\"it-IT\",\"potentialAction\":[{\"@type\":\"ReadAction\",\"target\":[\"https:\\\/\\\/www.podereleripi.com\\\/it\\\/2015-un-anno-da-ricordare\\\/\"]}]},{\"@type\":\"ImageObject\",\"inLanguage\":\"it-IT\",\"@id\":\"https:\\\/\\\/www.podereleripi.com\\\/it\\\/2015-un-anno-da-ricordare\\\/#primaryimage\",\"url\":\"https:\\\/\\\/www.podereleripi.com\\\/wp-content\\\/uploads\\\/2015-a-year-to-remember.jpeg\",\"contentUrl\":\"https:\\\/\\\/www.podereleripi.com\\\/wp-content\\\/uploads\\\/2015-a-year-to-remember.jpeg\",\"width\":610,\"height\":460,\"caption\":\"2015, un anno da ricordare per i nostri vini\"},{\"@type\":\"BreadcrumbList\",\"@id\":\"https:\\\/\\\/www.podereleripi.com\\\/it\\\/2015-un-anno-da-ricordare\\\/#breadcrumb\",\"itemListElement\":[{\"@type\":\"ListItem\",\"position\":1,\"name\":\"Podere Le Ripi Cantina a Montalcino\",\"item\":\"https:\\\/\\\/www.podereleripi.com\\\/it\\\/\"},{\"@type\":\"ListItem\",\"position\":2,\"name\":\"Vini di Montalcino\",\"item\":\"https:\\\/\\\/www.podereleripi.com\\\/it\\\/vini-montalcino\\\/\"},{\"@type\":\"ListItem\",\"position\":3,\"name\":\"Il 2015 \u00e8 stata l\u2019annata perfetta: tempo bello, con caldo a giugno e con pioggia quando ce n\u2019era bisogno.\"}]},{\"@type\":\"WebSite\",\"@id\":\"https:\\\/\\\/www.podereleripi.com\\\/it\\\/#website\",\"url\":\"https:\\\/\\\/www.podereleripi.com\\\/it\\\/\",\"name\":\"Podere Le Ripi\",\"description\":\"Winery in Montalcino\",\"publisher\":{\"@id\":\"https:\\\/\\\/www.podereleripi.com\\\/it\\\/#organization\"},\"potentialAction\":[{\"@type\":\"SearchAction\",\"target\":{\"@type\":\"EntryPoint\",\"urlTemplate\":\"https:\\\/\\\/www.podereleripi.com\\\/it\\\/?s={search_term_string}\"},\"query-input\":{\"@type\":\"PropertyValueSpecification\",\"valueRequired\":true,\"valueName\":\"search_term_string\"}}],\"inLanguage\":\"it-IT\"},{\"@type\":\"Organization\",\"@id\":\"https:\\\/\\\/www.podereleripi.com\\\/it\\\/#organization\",\"name\":\"Podere Le Ripi | Winery in Montalcino\",\"url\":\"https:\\\/\\\/www.podereleripi.com\\\/it\\\/\",\"logo\":{\"@type\":\"ImageObject\",\"inLanguage\":\"it-IT\",\"@id\":\"https:\\\/\\\/www.podereleripi.com\\\/it\\\/#\\\/schema\\\/logo\\\/image\\\/\",\"url\":\"https:\\\/\\\/www.podereleripi.com\\\/wp-content\\\/uploads\\\/nav-logo.png\",\"contentUrl\":\"https:\\\/\\\/www.podereleripi.com\\\/wp-content\\\/uploads\\\/nav-logo.png\",\"width\":400,\"height\":217,\"caption\":\"Podere Le Ripi | Winery in Montalcino\"},\"image\":{\"@id\":\"https:\\\/\\\/www.podereleripi.com\\\/it\\\/#\\\/schema\\\/logo\\\/image\\\/\"},\"sameAs\":[\"https:\\\/\\\/www.facebook.com\\\/PodereLeRipi\\\/\",\"https:\\\/\\\/x.com\\\/podereleripi\",\"https:\\\/\\\/www.instagram.com\\\/podereleripi\\\/\",\"https:\\\/\\\/www.youtube.com\\\/channel\\\/UCZXYaQJjbwuxcSCESHVYr9g\"]},{\"@type\":\"Person\",\"@id\":\"https:\\\/\\\/www.podereleripi.com\\\/it\\\/#\\\/schema\\\/person\\\/b7e8d2fafa6403da244faca78e4f4a1f\",\"name\":\"admin\",\"image\":{\"@type\":\"ImageObject\",\"inLanguage\":\"it-IT\",\"@id\":\"https:\\\/\\\/secure.gravatar.com\\\/avatar\\\/277199a5f6be99d3b9908e5468cac0ce90fcc791f54b7bc792c2b3f62893543b?s=96&d=mm&r=g\",\"url\":\"https:\\\/\\\/secure.gravatar.com\\\/avatar\\\/277199a5f6be99d3b9908e5468cac0ce90fcc791f54b7bc792c2b3f62893543b?s=96&d=mm&r=g\",\"contentUrl\":\"https:\\\/\\\/secure.gravatar.com\\\/avatar\\\/277199a5f6be99d3b9908e5468cac0ce90fcc791f54b7bc792c2b3f62893543b?s=96&d=mm&r=g\",\"caption\":\"admin\"},\"sameAs\":[\"https:\\\/\\\/www.podereleripi.com\"]}]}<\/script>\n<!-- \/ Yoast SEO plugin. -->","yoast_head_json":{"title":"Il 2015 \u00e8 stata l\u2019annata perfetta: tempo bello, con caldo a giugno e con pioggia quando ce n\u2019era bisogno. - Podere Le Ripi","description":"Escursione termica perfetta, con un Giugno caldo ma ha sempre piovuto al momento giusto","robots":{"index":"index","follow":"follow","max-snippet":"max-snippet:-1","max-image-preview":"max-image-preview:large","max-video-preview":"max-video-preview:-1"},"canonical":"https:\/\/www.podereleripi.com\/it\/2015-un-anno-da-ricordare\/","og_locale":"it_IT","og_type":"article","og_title":"Il 2015 \u00e8 stata l\u2019annata perfetta: tempo bello, con caldo a giugno e con pioggia quando ce n\u2019era bisogno. - Podere Le Ripi","og_description":"Escursione termica perfetta, con un Giugno caldo ma ha sempre piovuto al momento giusto","og_url":"https:\/\/www.podereleripi.com\/it\/2015-un-anno-da-ricordare\/","og_site_name":"Podere Le Ripi","article_publisher":"https:\/\/www.facebook.com\/PodereLeRipi\/","article_published_time":"2015-10-05T16:24:38+00:00","article_modified_time":"2021-08-05T08:11:54+00:00","og_image":[{"width":610,"height":460,"url":"https:\/\/www.podereleripi.com\/wp-content\/uploads\/2015-a-year-to-remember.jpeg","type":"image\/jpeg"}],"author":"admin","twitter_card":"summary_large_image","twitter_creator":"@podereleripi","twitter_site":"@podereleripi","schema":{"@context":"https:\/\/schema.org","@graph":[{"@type":"Article","@id":"https:\/\/www.podereleripi.com\/it\/2015-un-anno-da-ricordare\/#article","isPartOf":{"@id":"https:\/\/www.podereleripi.com\/it\/2015-un-anno-da-ricordare\/"},"author":{"name":"admin","@id":"https:\/\/www.podereleripi.com\/it\/#\/schema\/person\/b7e8d2fafa6403da244faca78e4f4a1f"},"headline":"Il 2015 \u00e8 stata l\u2019annata perfetta: tempo bello, con caldo a giugno e con pioggia quando ce n\u2019era bisogno.","datePublished":"2015-10-05T16:24:38+00:00","dateModified":"2021-08-05T08:11:54+00:00","mainEntityOfPage":{"@id":"https:\/\/www.podereleripi.com\/it\/2015-un-anno-da-ricordare\/"},"wordCount":95,"publisher":{"@id":"https:\/\/www.podereleripi.com\/it\/#organization"},"image":{"@id":"https:\/\/www.podereleripi.com\/it\/2015-un-anno-da-ricordare\/#primaryimage"},"thumbnailUrl":"https:\/\/www.podereleripi.com\/wp-content\/uploads\/2015-a-year-to-remember.jpeg","articleSection":["Vini di Montalcino"],"inLanguage":"it-IT"},{"@type":"WebPage","@id":"https:\/\/www.podereleripi.com\/it\/2015-un-anno-da-ricordare\/","url":"https:\/\/www.podereleripi.com\/it\/2015-un-anno-da-ricordare\/","name":"Il 2015 \u00e8 stata l\u2019annata perfetta: tempo bello, con caldo a giugno e con pioggia quando ce n\u2019era bisogno. - Podere Le Ripi","isPartOf":{"@id":"https:\/\/www.podereleripi.com\/it\/#website"},"primaryImageOfPage":{"@id":"https:\/\/www.podereleripi.com\/it\/2015-un-anno-da-ricordare\/#primaryimage"},"image":{"@id":"https:\/\/www.podereleripi.com\/it\/2015-un-anno-da-ricordare\/#primaryimage"},"thumbnailUrl":"https:\/\/www.podereleripi.com\/wp-content\/uploads\/2015-a-year-to-remember.jpeg","datePublished":"2015-10-05T16:24:38+00:00","dateModified":"2021-08-05T08:11:54+00:00","description":"Escursione termica perfetta, con un Giugno caldo ma ha sempre piovuto al momento giusto","breadcrumb":{"@id":"https:\/\/www.podereleripi.com\/it\/2015-un-anno-da-ricordare\/#breadcrumb"},"inLanguage":"it-IT","potentialAction":[{"@type":"ReadAction","target":["https:\/\/www.podereleripi.com\/it\/2015-un-anno-da-ricordare\/"]}]},{"@type":"ImageObject","inLanguage":"it-IT","@id":"https:\/\/www.podereleripi.com\/it\/2015-un-anno-da-ricordare\/#primaryimage","url":"https:\/\/www.podereleripi.com\/wp-content\/uploads\/2015-a-year-to-remember.jpeg","contentUrl":"https:\/\/www.podereleripi.com\/wp-content\/uploads\/2015-a-year-to-remember.jpeg","width":610,"height":460,"caption":"2015, un anno da ricordare per i nostri vini"},{"@type":"BreadcrumbList","@id":"https:\/\/www.podereleripi.com\/it\/2015-un-anno-da-ricordare\/#breadcrumb","itemListElement":[{"@type":"ListItem","position":1,"name":"Podere Le Ripi Cantina a Montalcino","item":"https:\/\/www.podereleripi.com\/it\/"},{"@type":"ListItem","position":2,"name":"Vini di Montalcino","item":"https:\/\/www.podereleripi.com\/it\/vini-montalcino\/"},{"@type":"ListItem","position":3,"name":"Il 2015 \u00e8 stata l\u2019annata perfetta: tempo bello, con caldo a giugno e con pioggia quando ce n\u2019era bisogno."}]},{"@type":"WebSite","@id":"https:\/\/www.podereleripi.com\/it\/#website","url":"https:\/\/www.podereleripi.com\/it\/","name":"Podere Le Ripi","description":"Winery in Montalcino","publisher":{"@id":"https:\/\/www.podereleripi.com\/it\/#organization"},"potentialAction":[{"@type":"SearchAction","target":{"@type":"EntryPoint","urlTemplate":"https:\/\/www.podereleripi.com\/it\/?s={search_term_string}"},"query-input":{"@type":"PropertyValueSpecification","valueRequired":true,"valueName":"search_term_string"}}],"inLanguage":"it-IT"},{"@type":"Organization","@id":"https:\/\/www.podereleripi.com\/it\/#organization","name":"Podere Le Ripi | Winery in Montalcino","url":"https:\/\/www.podereleripi.com\/it\/","logo":{"@type":"ImageObject","inLanguage":"it-IT","@id":"https:\/\/www.podereleripi.com\/it\/#\/schema\/logo\/image\/","url":"https:\/\/www.podereleripi.com\/wp-content\/uploads\/nav-logo.png","contentUrl":"https:\/\/www.podereleripi.com\/wp-content\/uploads\/nav-logo.png","width":400,"height":217,"caption":"Podere Le Ripi | Winery in Montalcino"},"image":{"@id":"https:\/\/www.podereleripi.com\/it\/#\/schema\/logo\/image\/"},"sameAs":["https:\/\/www.facebook.com\/PodereLeRipi\/","https:\/\/x.com\/podereleripi","https:\/\/www.instagram.com\/podereleripi\/","https:\/\/www.youtube.com\/channel\/UCZXYaQJjbwuxcSCESHVYr9g"]},{"@type":"Person","@id":"https:\/\/www.podereleripi.com\/it\/#\/schema\/person\/b7e8d2fafa6403da244faca78e4f4a1f","name":"admin","image":{"@type":"ImageObject","inLanguage":"it-IT","@id":"https:\/\/secure.gravatar.com\/avatar\/277199a5f6be99d3b9908e5468cac0ce90fcc791f54b7bc792c2b3f62893543b?s=96&d=mm&r=g","url":"https:\/\/secure.gravatar.com\/avatar\/277199a5f6be99d3b9908e5468cac0ce90fcc791f54b7bc792c2b3f62893543b?s=96&d=mm&r=g","contentUrl":"https:\/\/secure.gravatar.com\/avatar\/277199a5f6be99d3b9908e5468cac0ce90fcc791f54b7bc792c2b3f62893543b?s=96&d=mm&r=g","caption":"admin"},"sameAs":["https:\/\/www.podereleripi.com"]}]}},"acf":[],"_links":{"self":[{"href":"https:\/\/www.podereleripi.com\/it\/wp-json\/wp\/v2\/posts\/171","targetHints":{"allow":["GET"]}}],"collection":[{"href":"https:\/\/www.podereleripi.com\/it\/wp-json\/wp\/v2\/posts"}],"about":[{"href":"https:\/\/www.podereleripi.com\/it\/wp-json\/wp\/v2\/types\/post"}],"author":[{"embeddable":true,"href":"https:\/\/www.podereleripi.com\/it\/wp-json\/wp\/v2\/users\/1"}],"replies":[{"embeddable":true,"href":"https:\/\/www.podereleripi.com\/it\/wp-json\/wp\/v2\/comments?post=171"}],"version-history":[{"count":11,"href":"https:\/\/www.podereleripi.com\/it\/wp-json\/wp\/v2\/posts\/171\/revisions"}],"predecessor-version":[{"id":2821,"href":"https:\/\/www.podereleripi.com\/it\/wp-json\/wp\/v2\/posts\/171\/revisions\/2821"}],"wp:featuredmedia":[{"embeddable":true,"href":"https:\/\/www.podereleripi.com\/it\/wp-json\/wp\/v2\/media\/168"}],"wp:attachment":[{"href":"https:\/\/www.podereleripi.com\/it\/wp-json\/wp\/v2\/media?parent=171"}],"wp:term":[{"taxonomy":"category","embeddable":true,"href":"https:\/\/www.podereleripi.com\/it\/wp-json\/wp\/v2\/categories?post=171"},{"taxonomy":"post_tag","embeddable":true,"href":"https:\/\/www.podereleripi.com\/it\/wp-json\/wp\/v2\/tags?post=171"}],"curies":[{"name":"wp","href":"https:\/\/api.w.org\/{rel}","templated":true}]}}